{"id":2700,"date":"2016-03-15T07:00:06","date_gmt":"2016-03-15T12:00:06","guid":{"rendered":"https:\/\/saragilbert.coach\/fr\/?p=2700"},"modified":"2018-09-26T13:29:55","modified_gmt":"2018-09-26T13:29:55","slug":"pourquoi-jai-fonde-developpement-des-affaires-strategiste","status":"publish","type":"post","link":"https:\/\/saragilbert.coach\/fr\/pourquoi-jai-fonde-developpement-des-affaires-strategiste\/","title":{"rendered":"Pourquoi j\u2019ai fond\u00e9 D\u00e9veloppement des affaires Strategist(e)"},"content":{"rendered":"<div style=\"margin-top: 0px; margin-bottom: 0px;\" class=\"sharethis-inline-share-buttons\" ><\/div><p>Habituellement, dans notre infolettre, il est question de sujets li\u00e9s directement au d\u00e9veloppement de votre pratique\u00a0d\u2019affaires: marketing, communication, d\u00e9marchage, gestion de client\u00e8le, structure d\u2019\u00e9quipe, etc. Ce mois-ci, j\u2019ai pens\u00e9 vous parler des raisons qui m\u2019ont motiv\u00e9e \u00e0 fonder D\u00e9veloppement des Affaires Strategist<sup>(e)<\/sup>.<\/p>\n<p>Je travaille dans le secteur des services financiers depuis plus de 15 ans et j\u2019ai occup\u00e9 plusieurs fonctions\u00a0au sein d\u2019une \u00e9quipe,\u00a0\u00e0 la direction de succursale, au marketing et au d\u00e9veloppement des affaires. Ma formation \u00e9tant plut\u00f4t atypique &#8211;\u00a0un B.A. en marketing et une s\u00e9rie de titres de l\u2019Institut canadien des valeurs mobili\u00e8res (suivis d\u2019une formation certifi\u00e9e en coaching professionnel et personnel) -, je n\u2019ai jamais vraiment trouv\u00e9 \u00ab\u00a0ma\u00a0\u00bb place\u00a0: trop cr\u00e9ative pour travailler dans le management, trop \u00ab\u00a0<em>business<\/em>\u00a0\u00bb pour le marketing.<\/p>\n<p>Au fil des ann\u00e9es, j\u2019ai collabor\u00e9 avec plusieurs conseillers et diff\u00e9rentes \u00e9quipes. Et j\u2019ai remarqu\u00e9 une chose\u00a0: tout ce beau monde n\u2019arrivait pas \u00e0 mettre en pratique les strat\u00e9gies qui les avaient enthousiasm\u00e9s lors d\u2019une session de coaching, d\u2019un congr\u00e8s ou d\u2019une r\u00e9union de recherches d\u2019id\u00e9es. Malgr\u00e9 la motivation et l\u2019\u00e9nergie que chacun d\u00e9sirait investir pour apporter des changements, implanter une nouvelle approche ou mettre en application une id\u00e9e profitable, tous \u00e9taient rapidement emport\u00e9s par le tourbillon des activit\u00e9s quotidiennes. Si bien que toute cette belle \u00e9nergie s\u2019\u00e9vanouissait avec les id\u00e9es qui les avaient nourries.<\/p>\n<h3>De l\u00e0 est n\u00e9\u2026 D\u00e9veloppement des affaires Strategist<sup>(e)<\/sup><\/h3>\n<p>Consciente que les meilleures id\u00e9es restaient trop souvent lettre morte et que les \u00e9quipes rataient r\u00e9guli\u00e8rement une excellente occasion de changement et de progression de leurs affaires, j\u2019ai pens\u00e9 \u00ab\u00a0Il doit exister une meilleure fa\u00e7on!\u00a0\u00bb. Et l\u2019id\u00e9e m\u2019est venue d\u2019offrir plus que des services de coaching;<em> \u00a0<\/em>je devais le faire en suivant un mod\u00e8le d\u2019affaires &#8211;\u00a0aussi atypique que moi &#8211;\u00a0en int\u00e9grant les ressources n\u00e9cessaires afin d\u2019assurer l\u2019ex\u00e9cution des strat\u00e9gies de d\u00e9veloppement d\u2019affaires.<\/p>\n<p>C\u2019est ainsi que j\u2019ai d\u00e9velopp\u00e9 un mod\u00e8le d\u2019affaires diff\u00e9rent afin de r\u00e9pondre \u00e0 un besoin manquant dans le march\u00e9 &#8211; une firme cl\u00e9 en main allant de la cr\u00e9ation \u00e0 l\u2019ex\u00e9cution de strat\u00e9gies d\u2019affaires, incluant les c\u00f4t\u00e9s business et marketing, et en tenant compte des r\u00e9alit\u00e9s de l\u2019entrepreneuriat. Le tout, en incorporant une \u00e9quipe de professionnels afin d\u2019\u00e9pauler la cr\u00e9ation de r\u00eave et d\u2019ambition des entrepreneurs!<\/p>\n<p>Et c\u2019est l\u00e0 que j\u2019ai trouv\u00e9 \u00ab\u00a0ma\u00a0\u00bb place.<\/p>\n<p>Trois axes d\u00e9finissent mon approche\u00a0:<\/p>\n<ol>\n<li>mettre de l\u2019avant de nouvelles strat\u00e9gies de d\u00e9veloppement d\u2019affaires afin de positionner efficacement une pratique d\u2019affaires;<\/li>\n<li>mettre au point des outils de communication, de syst\u00e9matisation et des processus coh\u00e9rents avec la pratique;<\/li>\n<li>aider les professionnels \u00e0 humaniser leur approche &#8211; \u00a0je ne le r\u00e9p\u00e9terai jamais trop\u00a0: \u00ab<em>au-del\u00e0 de l\u2019argent, il y a les gens\u00a0<\/em>\u00bb.<\/li>\n<\/ol>\n<p>Mais surtout, il s\u2019agit pour moi de c<em>oacher<\/em> les conseillers et leur \u00e9quipe afin qu\u2019ils sortent de leur zone de confort pour int\u00e9grer de nouvelles pratiques d\u2019affaires r\u00e9pondant aux r\u00e9alit\u00e9s des clients et du march\u00e9 d\u2019aujourd\u2019hui. Ce faisant, j\u2019assure \u00e0 mes clients l\u2019implantation tangible de la strat\u00e9gie de d\u00e9veloppement d\u2019affaires qui leur convient. Si une image vaut mille mots, une strat\u00e9gie vaut mille\u2026 id\u00e9es.<\/p>\n<h3>Pourquoi ai-je d\u00e9cid\u00e9 de vous raconter mon histoire?<\/h3>\n<p>La raison qui m\u2019a incit\u00e9e \u00e0 vous raconter mon parcours\u00a0: les histoires inspirent les gens. \u00a0[tweetthis display_mode=\u00a0\u00bbbutton_link\u00a0\u00bb]Les histoires inspirent les gens.[\/tweetthis] Vos clients, actuels et futurs, ainsi que les personnes qui font partie de vos centres d\u2019influence, veulent apprendre \u00e0 vous conna\u00eetre. Pour cela, et si vous souhaitez \u00e9tablir des relations durables avec eux, il est essentiel d\u2019int\u00e9grer la dimension humaine dans votre entreprise.<\/p>\n<ul>\n<li>Quelle approche proposez-vous?<\/li>\n<li>Pourquoi avez-vous choisi de devenir conseiller?<\/li>\n<li>Qu\u2019est-ce qui vous motive sur le plan professionnel?<\/li>\n<li>Qu\u2019aimeriez-vous que les clients disent de vous et de votre \u00e9quipe?<\/li>\n<\/ul>\n<p>Voil\u00e0 autant d\u2019\u00e9l\u00e9ments de r\u00e9ponse qui permettent \u00e0 vos clients de sentir que vous vous pr\u00e9occupez d\u2019eux comme <em>personnes<\/em> et pas uniquement comme <em>investisseurs<\/em>.<\/p>\n<p>Profitez de la semaine pour r\u00e9fl\u00e9chir \u00e0 ces questions. Elles vous aideront \u00e0 clarifier qui vous \u00eates, votre proposition unique en mati\u00e8re de valeurs (<em>unique value proposition<\/em>), [tweetthis display_mode=\u00a0\u00bbbutton_link\u00a0\u00bb]Clarifier qui vous \u00eates, votre proposition unique en mati\u00e8re de valeurs (unique value proposition)[\/tweetthis] votre offre de service, mais surtout \u00e0 d\u00e9terminer comment vous vous d\u00e9marquez dans l\u2019esprit des gens.<\/p>\n<span class=\"et_bloom_bottom_trigger\"><\/span>","protected":false},"excerpt":{"rendered":"<p>Habituellement, dans notre infolettre, il est question de sujets li\u00e9s directement au d\u00e9veloppement de votre pratique\u00a0d\u2019affaires: marketing, communication, d\u00e9marchage, gestion de client\u00e8le, structure d\u2019\u00e9quipe, etc. Ce mois-ci, j\u2019ai pens\u00e9 vous parler des raisons qui m\u2019ont motiv\u00e9e \u00e0 fonder D\u00e9veloppement des Affaires Strategist(e). Je travaille dans le secteur des services financiers depuis plus de 15 ans [&hellip;]<\/p>\n","protected":false},"author":2,"featured_media":2701,"comment_status":"closed","ping_status":"open","sticky":false,"template":"","format":"standard","meta":{"_et_pb_use_builder":"","_et_pb_old_content":"","_et_gb_content_width":"","footnotes":""},"categories":[2],"tags":[],"class_list":["post-2700","post","type-post","status-publish","format-standard","has-post-thumbnail","hentry","category-non-classifiee"],"yoast_head":"<!-- This site is optimized with the Yoast SEO plugin v25.4 - https:\/\/yoast.com\/wordpress\/plugins\/seo\/ -->\n<title>Pourquoi j\u2019ai fond\u00e9 D\u00e9veloppement des affaires Strategist(e) - Strategist<\/title>\n<meta name=\"robots\" content=\"index, follow, max-snippet:-1, max-image-preview:large, max-video-preview:-1\" \/>\n<link rel=\"canonical\" href=\"https:\/\/saragilbert.coach\/fr\/pourquoi-jai-fonde-developpement-des-affaires-strategiste\/\" \/>\n<meta property=\"og:locale\" content=\"fr_FR\" \/>\n<meta property=\"og:type\" content=\"article\" \/>\n<meta property=\"og:title\" content=\"Pourquoi j\u2019ai fond\u00e9 D\u00e9veloppement des affaires Strategist(e) - Strategist\" \/>\n<meta property=\"og:description\" content=\"Habituellement, dans notre infolettre, il est question de sujets li\u00e9s directement au d\u00e9veloppement de votre pratique\u00a0d\u2019affaires: marketing, communication, d\u00e9marchage, gestion de client\u00e8le, structure d\u2019\u00e9quipe, etc. Ce mois-ci, j\u2019ai pens\u00e9 vous parler des raisons qui m\u2019ont motiv\u00e9e \u00e0 fonder D\u00e9veloppement des Affaires Strategist(e). Je travaille dans le secteur des services financiers depuis plus de 15 ans [&hellip;]\" \/>\n<meta property=\"og:url\" content=\"https:\/\/saragilbert.coach\/fr\/pourquoi-jai-fonde-developpement-des-affaires-strategiste\/\" \/>\n<meta property=\"og:site_name\" content=\"Strategist\" \/>\n<meta property=\"article:published_time\" content=\"2016-03-15T12:00:06+00:00\" \/>\n<meta property=\"article:modified_time\" content=\"2018-09-26T13:29:55+00:00\" \/>\n<meta property=\"og:image\" content=\"https:\/\/saragilbert.coach\/wp-content\/uploads\/2016\/03\/question1.png\" \/>\n\t<meta property=\"og:image:width\" content=\"1280\" \/>\n\t<meta property=\"og:image:height\" content=\"400\" \/>\n\t<meta property=\"og:image:type\" content=\"image\/png\" \/>\n<meta name=\"author\" content=\"Sara Gilbert\" \/>\n<meta name=\"twitter:card\" content=\"summary_large_image\" \/>\n<meta name=\"twitter:label1\" content=\"\u00c9crit par\" \/>\n\t<meta name=\"twitter:data1\" content=\"Sara Gilbert\" \/>\n\t<meta name=\"twitter:label2\" content=\"Dur\u00e9e de lecture estim\u00e9e\" \/>\n\t<meta name=\"twitter:data2\" content=\"4 minutes\" \/>\n<script type=\"application\/ld+json\" class=\"yoast-schema-graph\">{\"@context\":\"https:\/\/schema.org\",\"@graph\":[{\"@type\":\"WebPage\",\"@id\":\"https:\/\/saragilbert.coach\/fr\/pourquoi-jai-fonde-developpement-des-affaires-strategiste\/\",\"url\":\"https:\/\/saragilbert.coach\/fr\/pourquoi-jai-fonde-developpement-des-affaires-strategiste\/\",\"name\":\"Pourquoi j\u2019ai fond\u00e9 D\u00e9veloppement des affaires Strategist(e) - Strategist\",\"isPartOf\":{\"@id\":\"https:\/\/saragilbert.coach\/fr\/#website\"},\"primaryImageOfPage\":{\"@id\":\"https:\/\/saragilbert.coach\/fr\/pourquoi-jai-fonde-developpement-des-affaires-strategiste\/#primaryimage\"},\"image\":{\"@id\":\"https:\/\/saragilbert.coach\/fr\/pourquoi-jai-fonde-developpement-des-affaires-strategiste\/#primaryimage\"},\"thumbnailUrl\":\"https:\/\/saragilbert.coach\/wp-content\/uploads\/2016\/03\/question1.png\",\"datePublished\":\"2016-03-15T12:00:06+00:00\",\"dateModified\":\"2018-09-26T13:29:55+00:00\",\"author\":{\"@id\":\"https:\/\/saragilbert.coach\/fr\/#\/schema\/person\/6358a882f78bae91c06d76f41586b4de\"},\"breadcrumb\":{\"@id\":\"https:\/\/saragilbert.coach\/fr\/pourquoi-jai-fonde-developpement-des-affaires-strategiste\/#breadcrumb\"},\"inLanguage\":\"fr-FR\",\"potentialAction\":[{\"@type\":\"ReadAction\",\"target\":[\"https:\/\/saragilbert.coach\/fr\/pourquoi-jai-fonde-developpement-des-affaires-strategiste\/\"]}]},{\"@type\":\"ImageObject\",\"inLanguage\":\"fr-FR\",\"@id\":\"https:\/\/saragilbert.coach\/fr\/pourquoi-jai-fonde-developpement-des-affaires-strategiste\/#primaryimage\",\"url\":\"https:\/\/saragilbert.coach\/wp-content\/uploads\/2016\/03\/question1.png\",\"contentUrl\":\"https:\/\/saragilbert.coach\/wp-content\/uploads\/2016\/03\/question1.png\",\"width\":1280,\"height\":400},{\"@type\":\"BreadcrumbList\",\"@id\":\"https:\/\/saragilbert.coach\/fr\/pourquoi-jai-fonde-developpement-des-affaires-strategiste\/#breadcrumb\",\"itemListElement\":[{\"@type\":\"ListItem\",\"position\":1,\"name\":\"Home\",\"item\":\"https:\/\/saragilbert.coach\/fr\/\"},{\"@type\":\"ListItem\",\"position\":2,\"name\":\"Pourquoi j\u2019ai fond\u00e9 D\u00e9veloppement des affaires Strategist(e)\"}]},{\"@type\":\"WebSite\",\"@id\":\"https:\/\/saragilbert.coach\/fr\/#website\",\"url\":\"https:\/\/saragilbert.coach\/fr\/\",\"name\":\"Strategist\",\"description\":\"Be successful by design\",\"potentialAction\":[{\"@type\":\"SearchAction\",\"target\":{\"@type\":\"EntryPoint\",\"urlTemplate\":\"https:\/\/saragilbert.coach\/fr\/?s={search_term_string}\"},\"query-input\":{\"@type\":\"PropertyValueSpecification\",\"valueRequired\":true,\"valueName\":\"search_term_string\"}}],\"inLanguage\":\"fr-FR\"},{\"@type\":\"Person\",\"@id\":\"https:\/\/saragilbert.coach\/fr\/#\/schema\/person\/6358a882f78bae91c06d76f41586b4de\",\"name\":\"Sara Gilbert\",\"image\":{\"@type\":\"ImageObject\",\"inLanguage\":\"fr-FR\",\"@id\":\"https:\/\/saragilbert.coach\/fr\/#\/schema\/person\/image\/\",\"url\":\"https:\/\/secure.gravatar.com\/avatar\/?s=96&d=mm&r=g\",\"contentUrl\":\"https:\/\/secure.gravatar.com\/avatar\/?s=96&d=mm&r=g\",\"caption\":\"Sara Gilbert\"}}]}<\/script>\n<!-- \/ Yoast SEO plugin. -->","yoast_head_json":{"title":"Pourquoi j\u2019ai fond\u00e9 D\u00e9veloppement des affaires Strategist(e) - Strategist","robots":{"index":"index","follow":"follow","max-snippet":"max-snippet:-1","max-image-preview":"max-image-preview:large","max-video-preview":"max-video-preview:-1"},"canonical":"https:\/\/saragilbert.coach\/fr\/pourquoi-jai-fonde-developpement-des-affaires-strategiste\/","og_locale":"fr_FR","og_type":"article","og_title":"Pourquoi j\u2019ai fond\u00e9 D\u00e9veloppement des affaires Strategist(e) - Strategist","og_description":"Habituellement, dans notre infolettre, il est question de sujets li\u00e9s directement au d\u00e9veloppement de votre pratique\u00a0d\u2019affaires: marketing, communication, d\u00e9marchage, gestion de client\u00e8le, structure d\u2019\u00e9quipe, etc. Ce mois-ci, j\u2019ai pens\u00e9 vous parler des raisons qui m\u2019ont motiv\u00e9e \u00e0 fonder D\u00e9veloppement des Affaires Strategist(e). Je travaille dans le secteur des services financiers depuis plus de 15 ans [&hellip;]","og_url":"https:\/\/saragilbert.coach\/fr\/pourquoi-jai-fonde-developpement-des-affaires-strategiste\/","og_site_name":"Strategist","article_published_time":"2016-03-15T12:00:06+00:00","article_modified_time":"2018-09-26T13:29:55+00:00","og_image":[{"width":1280,"height":400,"url":"https:\/\/saragilbert.coach\/wp-content\/uploads\/2016\/03\/question1.png","type":"image\/png"}],"author":"Sara Gilbert","twitter_card":"summary_large_image","twitter_misc":{"\u00c9crit par":"Sara Gilbert","Dur\u00e9e de lecture estim\u00e9e":"4 minutes"},"schema":{"@context":"https:\/\/schema.org","@graph":[{"@type":"WebPage","@id":"https:\/\/saragilbert.coach\/fr\/pourquoi-jai-fonde-developpement-des-affaires-strategiste\/","url":"https:\/\/saragilbert.coach\/fr\/pourquoi-jai-fonde-developpement-des-affaires-strategiste\/","name":"Pourquoi j\u2019ai fond\u00e9 D\u00e9veloppement des affaires Strategist(e) - Strategist","isPartOf":{"@id":"https:\/\/saragilbert.coach\/fr\/#website"},"primaryImageOfPage":{"@id":"https:\/\/saragilbert.coach\/fr\/pourquoi-jai-fonde-developpement-des-affaires-strategiste\/#primaryimage"},"image":{"@id":"https:\/\/saragilbert.coach\/fr\/pourquoi-jai-fonde-developpement-des-affaires-strategiste\/#primaryimage"},"thumbnailUrl":"https:\/\/saragilbert.coach\/wp-content\/uploads\/2016\/03\/question1.png","datePublished":"2016-03-15T12:00:06+00:00","dateModified":"2018-09-26T13:29:55+00:00","author":{"@id":"https:\/\/saragilbert.coach\/fr\/#\/schema\/person\/6358a882f78bae91c06d76f41586b4de"},"breadcrumb":{"@id":"https:\/\/saragilbert.coach\/fr\/pourquoi-jai-fonde-developpement-des-affaires-strategiste\/#breadcrumb"},"inLanguage":"fr-FR","potentialAction":[{"@type":"ReadAction","target":["https:\/\/saragilbert.coach\/fr\/pourquoi-jai-fonde-developpement-des-affaires-strategiste\/"]}]},{"@type":"ImageObject","inLanguage":"fr-FR","@id":"https:\/\/saragilbert.coach\/fr\/pourquoi-jai-fonde-developpement-des-affaires-strategiste\/#primaryimage","url":"https:\/\/saragilbert.coach\/wp-content\/uploads\/2016\/03\/question1.png","contentUrl":"https:\/\/saragilbert.coach\/wp-content\/uploads\/2016\/03\/question1.png","width":1280,"height":400},{"@type":"BreadcrumbList","@id":"https:\/\/saragilbert.coach\/fr\/pourquoi-jai-fonde-developpement-des-affaires-strategiste\/#breadcrumb","itemListElement":[{"@type":"ListItem","position":1,"name":"Home","item":"https:\/\/saragilbert.coach\/fr\/"},{"@type":"ListItem","position":2,"name":"Pourquoi j\u2019ai fond\u00e9 D\u00e9veloppement des affaires Strategist(e)"}]},{"@type":"WebSite","@id":"https:\/\/saragilbert.coach\/fr\/#website","url":"https:\/\/saragilbert.coach\/fr\/","name":"Strategist","description":"Be successful by design","potentialAction":[{"@type":"SearchAction","target":{"@type":"EntryPoint","urlTemplate":"https:\/\/saragilbert.coach\/fr\/?s={search_term_string}"},"query-input":{"@type":"PropertyValueSpecification","valueRequired":true,"valueName":"search_term_string"}}],"inLanguage":"fr-FR"},{"@type":"Person","@id":"https:\/\/saragilbert.coach\/fr\/#\/schema\/person\/6358a882f78bae91c06d76f41586b4de","name":"Sara Gilbert","image":{"@type":"ImageObject","inLanguage":"fr-FR","@id":"https:\/\/saragilbert.coach\/fr\/#\/schema\/person\/image\/","url":"https:\/\/secure.gravatar.com\/avatar\/?s=96&d=mm&r=g","contentUrl":"https:\/\/secure.gravatar.com\/avatar\/?s=96&d=mm&r=g","caption":"Sara Gilbert"}}]}},"_links":{"self":[{"href":"https:\/\/saragilbert.coach\/fr\/wp-json\/wp\/v2\/posts\/2700","targetHints":{"allow":["GET"]}}],"collection":[{"href":"https:\/\/saragilbert.coach\/fr\/wp-json\/wp\/v2\/posts"}],"about":[{"href":"https:\/\/saragilbert.coach\/fr\/wp-json\/wp\/v2\/types\/post"}],"author":[{"embeddable":true,"href":"https:\/\/saragilbert.coach\/fr\/wp-json\/wp\/v2\/users\/2"}],"replies":[{"embeddable":true,"href":"https:\/\/saragilbert.coach\/fr\/wp-json\/wp\/v2\/comments?post=2700"}],"version-history":[{"count":1,"href":"https:\/\/saragilbert.coach\/fr\/wp-json\/wp\/v2\/posts\/2700\/revisions"}],"predecessor-version":[{"id":5335,"href":"https:\/\/saragilbert.coach\/fr\/wp-json\/wp\/v2\/posts\/2700\/revisions\/5335"}],"wp:featuredmedia":[{"embeddable":true,"href":"https:\/\/saragilbert.coach\/fr\/wp-json\/wp\/v2\/media\/2701"}],"wp:attachment":[{"href":"https:\/\/saragilbert.coach\/fr\/wp-json\/wp\/v2\/media?parent=2700"}],"wp:term":[{"taxonomy":"category","embeddable":true,"href":"https:\/\/saragilbert.coach\/fr\/wp-json\/wp\/v2\/categories?post=2700"},{"taxonomy":"post_tag","embeddable":true,"href":"https:\/\/saragilbert.coach\/fr\/wp-json\/wp\/v2\/tags?post=2700"}],"curies":[{"name":"wp","href":"https:\/\/api.w.org\/{rel}","templated":true}]}}